{"id":398,"date":"2022-03-04T08:50:42","date_gmt":"2022-03-04T08:50:42","guid":{"rendered":"http:\/\/vahdunajipel.eu\/?p=398\/"},"modified":"2022-03-04T08:53:08","modified_gmt":"2022-03-04T08:53:08","slug":"kerekparozas-es-lovaglas-szlovak-magyar-hatartersegben","status":"publish","type":"post","link":"https:\/\/vahdunajipel.eu\/hu\/kerekparozas-es-lovaglas-szlovak-magyar-hatartersegben\/","title":{"rendered":"Ker\u00e9kp\u00e1roz\u00e1s \u00e9s lovagl\u00e1s a szlov\u00e1k-magyar hat\u00e1rt\u00e9rs\u00e9gben"},"content":{"rendered":"<p>\u00dajabb siker: p\u00e1ly\u00e1zati forr\u00e1sb\u00f3l \u00e9p\u00fcl a lovas- \u00e9s a ker\u00e9kp\u00e1r\u00fat a hat\u00e1r menti t\u00e9rs\u00e9gben. A p\u00e1ly\u00e1zat a V\u00e1g-Duna-Ipoly Region\u00e1lis T\u00e1rsul\u00e1s \u00e9s a Magyar V\u00e1r Alap\u00edtv\u00e1ny egy\u00fcttm\u0171k\u00f6d\u00e9s\u00e9nek eredm\u00e9nye.<\/p>\n<p>A V\u00e1g-Duna-Ipoly Region\u00e1lis T\u00e1rsul\u00e1s a pom\u00e1zi sz\u00e9khely\u0171 Magyar V\u00e1r Alap\u00edtv\u00e1nnyal k\u00f6z\u00f6sen \u2013\u00a0 az INTERREG V-A Szlov\u00e1kia Magyarorsz\u00e1g Egy\u00fcttm\u0171k\u00f6d\u00e9si Program (tov\u00e1bbi inform\u00e1ci\u00f3 a programr\u00f3l: <a href=\"http:\/\/www.skhu.eu\">www.skhu.eu<\/a>), keret\u00e9n bel\u00fcl, az Eur\u00f3pai Region\u00e1lis Fejleszt\u00e9si Alap t\u00e1rsfinansz\u00edroz\u00e1s\u00e1val \u2013 val\u00f3s\u00edtja meg a \u201eKer\u00e9kp\u00e1roz\u00e1s \u00e9s lovagl\u00e1s\u201d (Bike and Horse riding, SKHU\/1902\/1.1\/080) elnevez\u00e9s\u0171, hat\u00e1ron \u00e1tny\u00fal\u00f3 projektet. A p\u00e1ly\u00e1zat 2021. \u00e1prilis 1-j\u00e9n indult, \u00e9s v\u00e1rhat\u00f3an 2023 m\u00e1rcius\u00e1ban fejez\u0151dik majd be.<\/p>\n<p>Ennek keret\u00e9n bel\u00fcl Szlov\u00e1ki\u00e1ban egy \u2013 Karva k\u00f6zs\u00e9get P\u00e1rk\u00e1nnyal \u00f6sszek\u00f6t\u0151 \u2013 18 km hossz\u00fas\u00e1g\u00fa ker\u00e9kp\u00e1r\u00fat \u00e9p\u00fcl,\u00a0 m\u00edg Magyarorsz\u00e1gon egy lovas\u00fatvonal Pom\u00e1z \u00e9s Esztergom (39 km) k\u00f6z\u00f6tt. Mindk\u00e9t \u00fatvonalat inform\u00e1ci\u00f3s t\u00e1bl\u00e1kkal l\u00e1tj\u00e1k el, amelyek megk\u00f6nny\u00edtik a hat\u00e1r menti t\u00e1j\u00e9koz\u00f3d\u00e1st a helyi \u00e9s az ide \u00e9rkez\u0151 ker\u00e9kp\u00e1rosok, valamint a versenyz\u0151k sz\u00e1m\u00e1ra.<\/p>\n<p>A tervezett \u00fatvonalak hozz\u00e1j\u00e1rulnak a t\u00e9rs\u00e9g sz\u00e1mos term\u00e9szeti \u00e9s kultur\u00e1lis \u00f6r\u00f6ks\u00e9get hordoz\u00f3 ter\u00fclet\u00e9nek \u00f6sszekapcsol\u00e1s\u00e1hoz, ami n\u00f6veli a l\u00e1togat\u00f3sz\u00e1mot, s jav\u00edtja a ter\u00fclethez val\u00f3 hozz\u00e1f\u00e9r\u00e9st. A megn\u00f6vekedett l\u00e1togat\u00e1si ar\u00e1ny a helyi kis- \u00e9s k\u00f6z\u00e9pv\u00e1llalkoz\u00e1sokat is pozit\u00edvan \u00e9rinti; a ker\u00e9kp\u00e1ros turist\u00e1k \u00e9s a lovasok jelenl\u00e9t\u00e9vel ugyanis v\u00e1rhat\u00f3an megn\u00f6vekszik majd a helyi term\u00e9kek \u00e9s szolg\u00e1ltat\u00e1sok ir\u00e1nti kereslet, valamint min\u0151s\u00e9g\u00fck javul\u00e1sa is v\u00e1rhat\u00f3 (els\u0151sorban sz\u00e1ll\u00e1sad\u00f3k, ker\u00e9kp\u00e1rk\u00f6lcs\u00f6nz\u0151k, idegenforgalmi egys\u00e9gek, vend\u00e9gl\u00e1t\u00f3k, stb.).<\/p>\n<p>A projekt mindezeken t\u00fal szeretn\u00e9 a k\u00f6zeli t\u00fara\u00fatvonalakat \u00e9s term\u00e9szeti \u00f6r\u00f6ks\u00e9gi helysz\u00edneket, valamint a ker\u00e9kp\u00e1roz\u00e1st \u00e9s a lovagl\u00e1st, mint az akt\u00edv pihen\u00e9s form\u00e1it is n\u00e9pszer\u0171s\u00edteni. A ker\u00e9kp\u00e1rok \u00e9s a lovak bevet\u00e9s\u00e9nek k\u00f6sz\u00f6nhet\u0151en v\u00e1rhat\u00f3an kevesebben fognak majd aut\u00f3val utazni,\u00a0 ez\u00e1ltal jelent\u0151sen cs\u00f6kkenhet a t\u00e9rs\u00e9g l\u00e9gszennyezetts\u00e9ge.<\/p>\n<p>A V\u00e1g-Duna-Ipoly Region\u00e1lis T\u00e1rsul\u00e1s projektr\u00e9sze az Eur\u00f3pai Region\u00e1lis Fejleszt\u00e9si Alap 1 470 967,50 eur\u00f3nyi t\u00e1rsfinansz\u00edroz\u00e1s\u00e1val val\u00f3sul meg.<\/p>\n<p><img loading=\"lazy\" decoding=\"async\" class=\"alignnone size-medium wp-image-393\" src=\"http:\/\/vahdunajipel.eu\/wp-content\/uploads\/2022\/03\/Picture0-300x56.png\" alt=\"\" width=\"300\" height=\"56\" srcset=\"https:\/\/vahdunajipel.eu\/wp-content\/uploads\/2022\/03\/Picture0-300x56.png 300w, https:\/\/vahdunajipel.eu\/wp-content\/uploads\/2022\/03\/Picture0.png 586w\" sizes=\"(max-width: 300px) 100vw, 300px\" \/><\/p>\n","protected":false},"excerpt":{"rendered":"<p>\u00dajabb siker: p\u00e1ly\u00e1zati forr\u00e1sb\u00f3l \u00e9p\u00fcl a lovas- \u00e9s a ker\u00e9kp\u00e1r\u00fat a hat\u00e1r menti t\u00e9rs\u00e9gben. A p\u00e1ly\u00e1zat a V\u00e1g-Duna-Ipoly Region\u00e1lis T\u00e1rsul\u00e1s \u00e9s a Magyar V\u00e1r Alap\u00edtv\u00e1ny egy\u00fcttm\u0171k\u00f6d\u00e9s\u00e9nek eredm\u00e9nye. A V\u00e1g-Duna-Ipoly Region\u00e1lis T\u00e1rsul\u00e1s a pom\u00e1zi sz\u00e9khely\u0171 Magyar V\u00e1r Alap\u00edtv\u00e1nnyal k\u00f6z\u00f6sen \u2013\u00a0 az INTERREG V-A Szlov\u00e1kia Magyarorsz\u00e1g Egy\u00fcttm\u0171k\u00f6d\u00e9si Program (tov\u00e1bbi inform\u00e1ci\u00f3 a programr\u00f3l: www.skhu.eu), keret\u00e9n bel\u00fcl, az Eur\u00f3pai [&hellip;]<\/p>\n","protected":false},"author":2,"featured_media":395,"comment_status":"closed","ping_status":"closed","sticky":false,"template":"","format":"standard","meta":{"_et_pb_use_builder":"","_et_pb_old_content":"","_et_gb_content_width":"","footnotes":""},"categories":[1],"tags":[],"yoast_head":"<!-- This site is optimized with the Yoast SEO plugin v21.9 - https:\/\/yoast.com\/wordpress\/plugins\/seo\/ -->\n<title>Ker\u00e9kp\u00e1roz\u00e1s \u00e9s lovagl\u00e1s a szlov\u00e1k-magyar hat\u00e1rt\u00e9rs\u00e9gben - V\u00e1h Dunaj Ipel<\/title>\n<meta name=\"robots\" content=\"index, follow, max-snippet:-1, max-image-preview:large, max-video-preview:-1\" \/>\n<link rel=\"canonical\" href=\"https:\/\/vahdunajipel.eu\/hu\/kerekparozas-es-lovaglas-szlovak-magyar-hatartersegben\/\" \/>\n<meta property=\"og:locale\" content=\"hu_HU\" \/>\n<meta property=\"og:type\" content=\"article\" \/>\n<meta property=\"og:title\" content=\"Ker\u00e9kp\u00e1roz\u00e1s \u00e9s lovagl\u00e1s a szlov\u00e1k-magyar hat\u00e1rt\u00e9rs\u00e9gben - V\u00e1h Dunaj Ipel\" \/>\n<meta property=\"og:description\" content=\"\u00dajabb siker: p\u00e1ly\u00e1zati forr\u00e1sb\u00f3l \u00e9p\u00fcl a lovas- \u00e9s a ker\u00e9kp\u00e1r\u00fat a hat\u00e1r menti t\u00e9rs\u00e9gben. A p\u00e1ly\u00e1zat a V\u00e1g-Duna-Ipoly Region\u00e1lis T\u00e1rsul\u00e1s \u00e9s a Magyar V\u00e1r Alap\u00edtv\u00e1ny egy\u00fcttm\u0171k\u00f6d\u00e9s\u00e9nek eredm\u00e9nye. A V\u00e1g-Duna-Ipoly Region\u00e1lis T\u00e1rsul\u00e1s a pom\u00e1zi sz\u00e9khely\u0171 Magyar V\u00e1r Alap\u00edtv\u00e1nnyal k\u00f6z\u00f6sen \u2013\u00a0 az INTERREG V-A Szlov\u00e1kia Magyarorsz\u00e1g Egy\u00fcttm\u0171k\u00f6d\u00e9si Program (tov\u00e1bbi inform\u00e1ci\u00f3 a programr\u00f3l: www.skhu.eu), keret\u00e9n bel\u00fcl, az Eur\u00f3pai [&hellip;]\" \/>\n<meta property=\"og:url\" content=\"https:\/\/vahdunajipel.eu\/hu\/kerekparozas-es-lovaglas-szlovak-magyar-hatartersegben\/\" \/>\n<meta property=\"og:site_name\" content=\"V\u00e1h Dunaj Ipel\" \/>\n<meta property=\"article:published_time\" content=\"2022-03-04T08:50:42+00:00\" \/>\n<meta property=\"article:modified_time\" content=\"2022-03-04T08:53:08+00:00\" \/>\n<meta property=\"og:image\" content=\"https:\/\/vahdunajipel.eu\/wp-content\/uploads\/2022\/03\/Picture1.jpg\" \/>\n\t<meta property=\"og:image:width\" content=\"1258\" \/>\n\t<meta property=\"og:image:height\" content=\"433\" \/>\n\t<meta property=\"og:image:type\" content=\"image\/jpeg\" \/>\n<meta name=\"author\" content=\"doministvan\" \/>\n<meta name=\"twitter:card\" content=\"summary_large_image\" \/>\n<meta name=\"twitter:label1\" content=\"Szerz\u0151:\" \/>\n\t<meta name=\"twitter:data1\" content=\"doministvan\" \/>\n\t<meta name=\"twitter:label2\" content=\"Becs\u00fclt olvas\u00e1si id\u0151\" \/>\n\t<meta name=\"twitter:data2\" content=\"2 perc\" \/>\n<script type=\"application\/ld+json\" class=\"yoast-schema-graph\">{\"@context\":\"https:\/\/schema.org\",\"@graph\":[{\"@type\":\"WebPage\",\"@id\":\"https:\/\/vahdunajipel.eu\/hu\/kerekparozas-es-lovaglas-szlovak-magyar-hatartersegben\/\",\"url\":\"https:\/\/vahdunajipel.eu\/hu\/kerekparozas-es-lovaglas-szlovak-magyar-hatartersegben\/\",\"name\":\"Ker\u00e9kp\u00e1roz\u00e1s \u00e9s lovagl\u00e1s a szlov\u00e1k-magyar hat\u00e1rt\u00e9rs\u00e9gben - V\u00e1h Dunaj Ipel\",\"isPartOf\":{\"@id\":\"https:\/\/vahdunajipel.eu\/#website\"},\"datePublished\":\"2022-03-04T08:50:42+00:00\",\"dateModified\":\"2022-03-04T08:53:08+00:00\",\"author\":{\"@id\":\"https:\/\/vahdunajipel.eu\/#\/schema\/person\/cdd8c43823beeed4c91520ac16c7764a\"},\"breadcrumb\":{\"@id\":\"https:\/\/vahdunajipel.eu\/hu\/kerekparozas-es-lovaglas-szlovak-magyar-hatartersegben\/#breadcrumb\"},\"inLanguage\":\"hu\",\"potentialAction\":[{\"@type\":\"ReadAction\",\"target\":[\"https:\/\/vahdunajipel.eu\/hu\/kerekparozas-es-lovaglas-szlovak-magyar-hatartersegben\/\"]}]},{\"@type\":\"BreadcrumbList\",\"@id\":\"https:\/\/vahdunajipel.eu\/hu\/kerekparozas-es-lovaglas-szlovak-magyar-hatartersegben\/#breadcrumb\",\"itemListElement\":[{\"@type\":\"ListItem\",\"position\":1,\"name\":\"Home\",\"item\":\"https:\/\/vahdunajipel.eu\/hu\/home\/\"},{\"@type\":\"ListItem\",\"position\":2,\"name\":\"Ker\u00e9kp\u00e1roz\u00e1s \u00e9s lovagl\u00e1s a szlov\u00e1k-magyar hat\u00e1rt\u00e9rs\u00e9gben\"}]},{\"@type\":\"WebSite\",\"@id\":\"https:\/\/vahdunajipel.eu\/#website\",\"url\":\"https:\/\/vahdunajipel.eu\/\",\"name\":\"V\u00e1h Dunaj Ipel\",\"description\":\"euroregi\u00f3n\",\"potentialAction\":[{\"@type\":\"SearchAction\",\"target\":{\"@type\":\"EntryPoint\",\"urlTemplate\":\"https:\/\/vahdunajipel.eu\/?s={search_term_string}\"},\"query-input\":\"required name=search_term_string\"}],\"inLanguage\":\"hu\"},{\"@type\":\"Person\",\"@id\":\"https:\/\/vahdunajipel.eu\/#\/schema\/person\/cdd8c43823beeed4c91520ac16c7764a\",\"name\":\"doministvan\",\"image\":{\"@type\":\"ImageObject\",\"inLanguage\":\"hu\",\"@id\":\"https:\/\/vahdunajipel.eu\/#\/schema\/person\/image\/\",\"url\":\"https:\/\/secure.gravatar.com\/avatar\/439afcfea7740e13c3a560ecbac5040f?s=96&d=mm&r=g\",\"contentUrl\":\"https:\/\/secure.gravatar.com\/avatar\/439afcfea7740e13c3a560ecbac5040f?s=96&d=mm&r=g\",\"caption\":\"doministvan\"},\"url\":\"https:\/\/vahdunajipel.eu\/hu\/author\/doministvan\/\"}]}<\/script>\n<!-- \/ Yoast SEO plugin. -->","yoast_head_json":{"title":"Ker\u00e9kp\u00e1roz\u00e1s \u00e9s lovagl\u00e1s a szlov\u00e1k-magyar hat\u00e1rt\u00e9rs\u00e9gben - V\u00e1h Dunaj Ipel","robots":{"index":"index","follow":"follow","max-snippet":"max-snippet:-1","max-image-preview":"max-image-preview:large","max-video-preview":"max-video-preview:-1"},"canonical":"https:\/\/vahdunajipel.eu\/hu\/kerekparozas-es-lovaglas-szlovak-magyar-hatartersegben\/","og_locale":"hu_HU","og_type":"article","og_title":"Ker\u00e9kp\u00e1roz\u00e1s \u00e9s lovagl\u00e1s a szlov\u00e1k-magyar hat\u00e1rt\u00e9rs\u00e9gben - V\u00e1h Dunaj Ipel","og_description":"\u00dajabb siker: p\u00e1ly\u00e1zati forr\u00e1sb\u00f3l \u00e9p\u00fcl a lovas- \u00e9s a ker\u00e9kp\u00e1r\u00fat a hat\u00e1r menti t\u00e9rs\u00e9gben. A p\u00e1ly\u00e1zat a V\u00e1g-Duna-Ipoly Region\u00e1lis T\u00e1rsul\u00e1s \u00e9s a Magyar V\u00e1r Alap\u00edtv\u00e1ny egy\u00fcttm\u0171k\u00f6d\u00e9s\u00e9nek eredm\u00e9nye. A V\u00e1g-Duna-Ipoly Region\u00e1lis T\u00e1rsul\u00e1s a pom\u00e1zi sz\u00e9khely\u0171 Magyar V\u00e1r Alap\u00edtv\u00e1nnyal k\u00f6z\u00f6sen \u2013\u00a0 az INTERREG V-A Szlov\u00e1kia Magyarorsz\u00e1g Egy\u00fcttm\u0171k\u00f6d\u00e9si Program (tov\u00e1bbi inform\u00e1ci\u00f3 a programr\u00f3l: www.skhu.eu), keret\u00e9n bel\u00fcl, az Eur\u00f3pai [&hellip;]","og_url":"https:\/\/vahdunajipel.eu\/hu\/kerekparozas-es-lovaglas-szlovak-magyar-hatartersegben\/","og_site_name":"V\u00e1h Dunaj Ipel","article_published_time":"2022-03-04T08:50:42+00:00","article_modified_time":"2022-03-04T08:53:08+00:00","og_image":[{"width":1258,"height":433,"url":"https:\/\/vahdunajipel.eu\/wp-content\/uploads\/2022\/03\/Picture1.jpg","type":"image\/jpeg"}],"author":"doministvan","twitter_card":"summary_large_image","twitter_misc":{"Szerz\u0151:":"doministvan","Becs\u00fclt olvas\u00e1si id\u0151":"2 perc"},"schema":{"@context":"https:\/\/schema.org","@graph":[{"@type":"WebPage","@id":"https:\/\/vahdunajipel.eu\/hu\/kerekparozas-es-lovaglas-szlovak-magyar-hatartersegben\/","url":"https:\/\/vahdunajipel.eu\/hu\/kerekparozas-es-lovaglas-szlovak-magyar-hatartersegben\/","name":"Ker\u00e9kp\u00e1roz\u00e1s \u00e9s lovagl\u00e1s a szlov\u00e1k-magyar hat\u00e1rt\u00e9rs\u00e9gben - V\u00e1h Dunaj Ipel","isPartOf":{"@id":"https:\/\/vahdunajipel.eu\/#website"},"datePublished":"2022-03-04T08:50:42+00:00","dateModified":"2022-03-04T08:53:08+00:00","author":{"@id":"https:\/\/vahdunajipel.eu\/#\/schema\/person\/cdd8c43823beeed4c91520ac16c7764a"},"breadcrumb":{"@id":"https:\/\/vahdunajipel.eu\/hu\/kerekparozas-es-lovaglas-szlovak-magyar-hatartersegben\/#breadcrumb"},"inLanguage":"hu","potentialAction":[{"@type":"ReadAction","target":["https:\/\/vahdunajipel.eu\/hu\/kerekparozas-es-lovaglas-szlovak-magyar-hatartersegben\/"]}]},{"@type":"BreadcrumbList","@id":"https:\/\/vahdunajipel.eu\/hu\/kerekparozas-es-lovaglas-szlovak-magyar-hatartersegben\/#breadcrumb","itemListElement":[{"@type":"ListItem","position":1,"name":"Home","item":"https:\/\/vahdunajipel.eu\/hu\/home\/"},{"@type":"ListItem","position":2,"name":"Ker\u00e9kp\u00e1roz\u00e1s \u00e9s lovagl\u00e1s a szlov\u00e1k-magyar hat\u00e1rt\u00e9rs\u00e9gben"}]},{"@type":"WebSite","@id":"https:\/\/vahdunajipel.eu\/#website","url":"https:\/\/vahdunajipel.eu\/","name":"V\u00e1h Dunaj Ipel","description":"euroregi\u00f3n","potentialAction":[{"@type":"SearchAction","target":{"@type":"EntryPoint","urlTemplate":"https:\/\/vahdunajipel.eu\/?s={search_term_string}"},"query-input":"required name=search_term_string"}],"inLanguage":"hu"},{"@type":"Person","@id":"https:\/\/vahdunajipel.eu\/#\/schema\/person\/cdd8c43823beeed4c91520ac16c7764a","name":"doministvan","image":{"@type":"ImageObject","inLanguage":"hu","@id":"https:\/\/vahdunajipel.eu\/#\/schema\/person\/image\/","url":"https:\/\/secure.gravatar.com\/avatar\/439afcfea7740e13c3a560ecbac5040f?s=96&d=mm&r=g","contentUrl":"https:\/\/secure.gravatar.com\/avatar\/439afcfea7740e13c3a560ecbac5040f?s=96&d=mm&r=g","caption":"doministvan"},"url":"https:\/\/vahdunajipel.eu\/hu\/author\/doministvan\/"}]}},"_links":{"self":[{"href":"https:\/\/vahdunajipel.eu\/hu\/wp-json\/wp\/v2\/posts\/398"}],"collection":[{"href":"https:\/\/vahdunajipel.eu\/hu\/wp-json\/wp\/v2\/posts"}],"about":[{"href":"https:\/\/vahdunajipel.eu\/hu\/wp-json\/wp\/v2\/types\/post"}],"author":[{"embeddable":true,"href":"https:\/\/vahdunajipel.eu\/hu\/wp-json\/wp\/v2\/users\/2"}],"replies":[{"embeddable":true,"href":"https:\/\/vahdunajipel.eu\/hu\/wp-json\/wp\/v2\/comments?post=398"}],"version-history":[{"count":3,"href":"https:\/\/vahdunajipel.eu\/hu\/wp-json\/wp\/v2\/posts\/398\/revisions"}],"predecessor-version":[{"id":403,"href":"https:\/\/vahdunajipel.eu\/hu\/wp-json\/wp\/v2\/posts\/398\/revisions\/403"}],"wp:featuredmedia":[{"embeddable":true,"href":"https:\/\/vahdunajipel.eu\/hu\/wp-json\/wp\/v2\/media\/395"}],"wp:attachment":[{"href":"https:\/\/vahdunajipel.eu\/hu\/wp-json\/wp\/v2\/media?parent=398"}],"wp:term":[{"taxonomy":"category","embeddable":true,"href":"https:\/\/vahdunajipel.eu\/hu\/wp-json\/wp\/v2\/categories?post=398"},{"taxonomy":"post_tag","embeddable":true,"href":"https:\/\/vahdunajipel.eu\/hu\/wp-json\/wp\/v2\/tags?post=398"}],"curies":[{"name":"wp","href":"https:\/\/api.w.org\/{rel}","templated":true}]}}